{"id":1525,"date":"2020-07-11T08:33:55","date_gmt":"2020-07-11T06:33:55","guid":{"rendered":"http:\/\/auers.blog\/?p=1525"},"modified":"2020-07-21T18:27:29","modified_gmt":"2020-07-21T16:27:29","slug":"die-schtis-und-moewen","status":"publish","type":"post","link":"https:\/\/auers.blog\/de\/die-schtis-und-moewen\/","title":{"rendered":"Die Sch\u00b4tis und M\u00f6wen"},"content":{"rendered":"\n<p>Auf unserem Trip gen Norden denke ich oft an den Film. Dany Boon, Kad Merad, usw. Pl\u00f6tzlich sagt Petra: \u201eIch glaube ich sehe auf der Landkarte dieses Bergues, in dem der Film gespielt hat.<\/p>\n\n\n\n<p>Wir fahren mal hin. Es macht uns riesigen Spa\u00df an dem Ort des Geschehens Fritten zu essen.  Das Geklimper vom Turm k\u00f6nnen wir alle 15 Min. mit erleben. Nat\u00fcrlich ist der Platz mit der Fritten-Bude nicht leer wie im Film daf\u00fcr erkennt man das \u201eCafe de Poste\u201c, oder das Lokal in dem die Postbande essen war sofort. H\u00c4. F\u00fcr die, die den Film kennen. Braunkack isch das nisch H\u00c4! <\/p>\n\n\n\n<figure class=\"wp-block-image size-large\"><img loading=\"lazy\" decoding=\"async\" width=\"1024\" height=\"768\" src=\"http:\/\/auers.blog\/wp-content\/uploads\/2020\/07\/IMG_0213-1024x768.jpeg\" alt=\"\" class=\"wp-image-1541\" srcset=\"https:\/\/auers.blog\/wp-content\/uploads\/2020\/07\/IMG_0213-1024x768.jpeg 1024w, https:\/\/auers.blog\/wp-content\/uploads\/2020\/07\/IMG_0213-300x225.jpeg 300w, https:\/\/auers.blog\/wp-content\/uploads\/2020\/07\/IMG_0213-768x576.jpeg 768w, https:\/\/auers.blog\/wp-content\/uploads\/2020\/07\/IMG_0213-1536x1152.jpeg 1536w, https:\/\/auers.blog\/wp-content\/uploads\/2020\/07\/IMG_0213.jpeg 1920w\" sizes=\"auto, (max-width: 1024px) 100vw, 1024px\" \/><\/figure>\n\n\n\n<p>Prompt passiert es: Ich bestelle! \u201eUne eau avec gaz svpl\u201c (Ein Mineralwasser bitte) und der Ober bringt mir: \u201eVoila, une eau avec glace. (Ein Wasser mit Eis).<\/p>\n\n\n\n<figure class=\"wp-block-gallery columns-2 is-cropped wp-block-gallery-1 is-layout-flex wp-block-gallery-is-layout-flex\"><ul class=\"blocks-gallery-grid\"><li class=\"blocks-gallery-item\"><figure><img loading=\"lazy\" decoding=\"async\" width=\"768\" height=\"1024\" src=\"https:\/\/auers.blog\/wp-content\/uploads\/2020\/07\/IMG_1776-1-768x1024.jpeg\" alt=\"\" data-id=\"1547\" data-full-url=\"https:\/\/auers.blog\/wp-content\/uploads\/2020\/07\/IMG_1776-1.jpeg\" data-link=\"https:\/\/auers.blog\/?attachment_id=1547\" class=\"wp-image-1547\" srcset=\"https:\/\/auers.blog\/wp-content\/uploads\/2020\/07\/IMG_1776-1-768x1024.jpeg 768w, https:\/\/auers.blog\/wp-content\/uploads\/2020\/07\/IMG_1776-1-225x300.jpeg 225w, https:\/\/auers.blog\/wp-content\/uploads\/2020\/07\/IMG_1776-1-1152x1536.jpeg 1152w, https:\/\/auers.blog\/wp-content\/uploads\/2020\/07\/IMG_1776-1.jpeg 1440w\" sizes=\"auto, (max-width: 768px) 100vw, 768px\" \/><\/figure><\/li><li class=\"blocks-gallery-item\"><figure><img loading=\"lazy\" decoding=\"async\" width=\"1024\" height=\"769\" src=\"https:\/\/auers.blog\/wp-content\/uploads\/2020\/07\/IMG_4114-1-1024x769.jpeg\" alt=\"\" data-id=\"1550\" data-full-url=\"https:\/\/auers.blog\/wp-content\/uploads\/2020\/07\/IMG_4114-1.jpeg\" data-link=\"https:\/\/auers.blog\/?attachment_id=1550\" class=\"wp-image-1550\" srcset=\"https:\/\/auers.blog\/wp-content\/uploads\/2020\/07\/IMG_4114-1-1024x769.jpeg 1024w, https:\/\/auers.blog\/wp-content\/uploads\/2020\/07\/IMG_4114-1-300x225.jpeg 300w, https:\/\/auers.blog\/wp-content\/uploads\/2020\/07\/IMG_4114-1-768x576.jpeg 768w, https:\/\/auers.blog\/wp-content\/uploads\/2020\/07\/IMG_4114-1-1536x1153.jpeg 1536w, https:\/\/auers.blog\/wp-content\/uploads\/2020\/07\/IMG_4114-1.jpeg 1920w\" sizes=\"auto, (max-width: 1024px) 100vw, 1024px\" \/><\/figure><\/li><\/ul><\/figure>\n\n\n\n<p>Bienvenue a le ch\u00b4tis&nbsp; &nbsp;<\/p>\n\n\n\n<p> <\/p>\n\n\n\n<p><strong>Die Sprache der M\u00f6wen.<\/strong><\/p>\n\n\n\n<figure class=\"wp-block-image size-large\"><img loading=\"lazy\" decoding=\"async\" width=\"1024\" height=\"683\" src=\"https:\/\/auers.blog\/wp-content\/uploads\/2020\/07\/6G9A6228-2-1024x683.jpeg\" alt=\"\" class=\"wp-image-1553\" srcset=\"https:\/\/auers.blog\/wp-content\/uploads\/2020\/07\/6G9A6228-2-1024x683.jpeg 1024w, https:\/\/auers.blog\/wp-content\/uploads\/2020\/07\/6G9A6228-2-300x200.jpeg 300w, https:\/\/auers.blog\/wp-content\/uploads\/2020\/07\/6G9A6228-2-768x512.jpeg 768w, https:\/\/auers.blog\/wp-content\/uploads\/2020\/07\/6G9A6228-2-1536x1025.jpeg 1536w, https:\/\/auers.blog\/wp-content\/uploads\/2020\/07\/6G9A6228-2.jpeg 1920w\" sizes=\"auto, (max-width: 1024px) 100vw, 1024px\" \/><\/figure>\n\n\n\n<p>In einem sehr sch\u00f6nen St\u00e4dtchen namens Roscoff schlendern wir durch die Gassen und finden uns pl\u00f6tzlich in einer kleinen Cr\u00eaperie im Garten wieder.&nbsp;<\/p>\n\n\n\n<figure class=\"wp-block-image size-large\"><img loading=\"lazy\" decoding=\"async\" width=\"1024\" height=\"768\" src=\"http:\/\/auers.blog\/wp-content\/uploads\/2020\/07\/IMG_2198-1-1024x768.jpeg\" alt=\"\" class=\"wp-image-1556\" srcset=\"https:\/\/auers.blog\/wp-content\/uploads\/2020\/07\/IMG_2198-1-1024x768.jpeg 1024w, https:\/\/auers.blog\/wp-content\/uploads\/2020\/07\/IMG_2198-1-300x225.jpeg 300w, https:\/\/auers.blog\/wp-content\/uploads\/2020\/07\/IMG_2198-1-768x576.jpeg 768w, https:\/\/auers.blog\/wp-content\/uploads\/2020\/07\/IMG_2198-1-1536x1152.jpeg 1536w, https:\/\/auers.blog\/wp-content\/uploads\/2020\/07\/IMG_2198-1.jpeg 1920w\" sizes=\"auto, (max-width: 1024px) 100vw, 1024px\" \/><\/figure>\n\n\n\n<p>Galette mit Zwiebelkompott, Bratwurst, Tomaten und K\u00e4se. Uaaaaah? Cr\u00eape halt auf die klassische, bretonische Art. H\u00f6rt sich schlimm an und schmeckt hervorragend. Sogar Petra findet sie toll, obwohl sie nie etwas von meinen kulinarischen Experimenten h\u00e4lt. Die Cr\u00eape werden n\u00e4mlich aus Vollkorn-Mehl und nicht s\u00fc\u00df hergestellt.&nbsp;<\/p>\n\n\n\n<p>Auch die all gegenwertigen M\u00f6wen wollen davon haben. Sie protestieren mit ihrem typischen lautstarken Gekreische. Weil wir ihnen nichts abgeben, sie merken das bringt nichts, ver\u00e4ndert sich ihr Geschrei in ein lustiges Gemotze.&nbsp; Wak-Wak\u2026 Petra und ich lachen tr\u00e4nen. Seit dem sagen wir immer Wak-Wak, wenn es nicht so l\u00e4uft wie man sich das vorgestellt hat.<\/p>\n\n\n\n<p>Wir sitzen hinter Max auf zwei St\u00fchlen und schauen in F\u00e9camp auf das Meer. Ich habe am Nachmittag Brot gebacken, und nun liegen Brotkr\u00fcmel auf dem Tisch. Nach einiger Zeit l\u00e4sst sich eine M\u00f6we auf dem Tisch nieder und f\u00e4ngt an die Kr\u00fcmel auf zu picken. Nachdem diese, in einer nicht nach zu vollziehenden weise, von ihr quasi inhaliert wurden, schaut sie uns fragend an.&nbsp;<\/p>\n\n\n\n<figure class=\"wp-block-gallery columns-2 is-cropped wp-block-gallery-2 is-layout-flex wp-block-gallery-is-layout-flex\"><ul class=\"blocks-gallery-grid\"><li class=\"blocks-gallery-item\"><figure><img loading=\"lazy\" decoding=\"async\" width=\"1024\" height=\"768\" src=\"https:\/\/auers.blog\/wp-content\/uploads\/2020\/07\/IMG_8756-1-1024x768.jpeg\" alt=\"\" data-id=\"1568\" data-full-url=\"https:\/\/auers.blog\/wp-content\/uploads\/2020\/07\/IMG_8756-1.jpeg\" data-link=\"https:\/\/auers.blog\/?attachment_id=1568\" class=\"wp-image-1568\" srcset=\"https:\/\/auers.blog\/wp-content\/uploads\/2020\/07\/IMG_8756-1-1024x768.jpeg 1024w, https:\/\/auers.blog\/wp-content\/uploads\/2020\/07\/IMG_8756-1-300x225.jpeg 300w, https:\/\/auers.blog\/wp-content\/uploads\/2020\/07\/IMG_8756-1-768x576.jpeg 768w, https:\/\/auers.blog\/wp-content\/uploads\/2020\/07\/IMG_8756-1-1536x1152.jpeg 1536w, https:\/\/auers.blog\/wp-content\/uploads\/2020\/07\/IMG_8756-1.jpeg 1920w\" sizes=\"auto, (max-width: 1024px) 100vw, 1024px\" \/><\/figure><\/li><li class=\"blocks-gallery-item\"><figure><img loading=\"lazy\" decoding=\"async\" width=\"1024\" height=\"768\" src=\"https:\/\/auers.blog\/wp-content\/uploads\/2020\/07\/IMG_5117-2-1024x768.jpeg\" alt=\"\" data-id=\"1571\" data-full-url=\"https:\/\/auers.blog\/wp-content\/uploads\/2020\/07\/IMG_5117-2.jpeg\" data-link=\"https:\/\/auers.blog\/?attachment_id=1571\" class=\"wp-image-1571\" srcset=\"https:\/\/auers.blog\/wp-content\/uploads\/2020\/07\/IMG_5117-2-1024x768.jpeg 1024w, https:\/\/auers.blog\/wp-content\/uploads\/2020\/07\/IMG_5117-2-300x225.jpeg 300w, https:\/\/auers.blog\/wp-content\/uploads\/2020\/07\/IMG_5117-2-768x576.jpeg 768w, https:\/\/auers.blog\/wp-content\/uploads\/2020\/07\/IMG_5117-2-1536x1152.jpeg 1536w, https:\/\/auers.blog\/wp-content\/uploads\/2020\/07\/IMG_5117-2.jpeg 1920w\" sizes=\"auto, (max-width: 1024px) 100vw, 1024px\" \/><\/figure><\/li><\/ul><\/figure>\n\n\n\n<p>Da ist es wieder\u2026. Wak-Wak !?!<\/p>\n\n\n\n<figure class=\"wp-block-image size-large\"><img loading=\"lazy\" decoding=\"async\" width=\"1024\" height=\"768\" src=\"https:\/\/auers.blog\/wp-content\/uploads\/2020\/07\/IMG_4980-1024x768.jpeg\" alt=\"\" class=\"wp-image-1576\" srcset=\"https:\/\/auers.blog\/wp-content\/uploads\/2020\/07\/IMG_4980-1024x768.jpeg 1024w, https:\/\/auers.blog\/wp-content\/uploads\/2020\/07\/IMG_4980-300x225.jpeg 300w, https:\/\/auers.blog\/wp-content\/uploads\/2020\/07\/IMG_4980-768x576.jpeg 768w, https:\/\/auers.blog\/wp-content\/uploads\/2020\/07\/IMG_4980-1536x1152.jpeg 1536w, https:\/\/auers.blog\/wp-content\/uploads\/2020\/07\/IMG_4980.jpeg 1920w\" sizes=\"auto, (max-width: 1024px) 100vw, 1024px\" \/><\/figure>\n\n\n\n<p>Belgien<\/p>\n\n\n\n<p>Oh La La.<\/p>\n\n\n\n<p>Wir fahren von S\u00fcden kommend, der K\u00fcste entlang, nach Belgien hinein. Man braucht keine Grenze um zu merken das man wo anders ist. Alles extrem akkurat, niegelnagelneu und ordentlich. Super diese Belgier. Die N34 weiter. Eine Bahn direkt am gesamten Strand entlang pariert von Wohnsilos. Vier-, zehn-, F\u00fcnfzehn-St\u00f6ckige ca 100m lang. Alles voll mit Autos und diesen gigantisch Wohnanlagen. In Ostende beschlie\u00dfen wir das Drama zu beenden und fl\u00fcchten nach Br\u00fcgge.<\/p>\n\n\n\n<figure class=\"wp-block-image size-large\"><img loading=\"lazy\" decoding=\"async\" width=\"1024\" height=\"768\" src=\"https:\/\/auers.blog\/wp-content\/uploads\/2020\/07\/IMG_2890-1024x768.jpeg\" alt=\"\" class=\"wp-image-1640\" srcset=\"https:\/\/auers.blog\/wp-content\/uploads\/2020\/07\/IMG_2890-1024x768.jpeg 1024w, https:\/\/auers.blog\/wp-content\/uploads\/2020\/07\/IMG_2890-300x225.jpeg 300w, https:\/\/auers.blog\/wp-content\/uploads\/2020\/07\/IMG_2890-768x576.jpeg 768w, https:\/\/auers.blog\/wp-content\/uploads\/2020\/07\/IMG_2890-1536x1152.jpeg 1536w, https:\/\/auers.blog\/wp-content\/uploads\/2020\/07\/IMG_2890-2048x1536.jpeg 2048w\" sizes=\"auto, (max-width: 1024px) 100vw, 1024px\" \/><\/figure>\n\n\n\n<p>ACHTUNG&nbsp; Alle die keinen starken Willen haben, bitte, bitte jetzt nicht weiterlesen und \u00fcberspringen.<\/p>\n\n\n\n<p>Die sch\u00f6nen Dinge dieser Welt sind hier. Die Stadt und Schokolade, besonders zu erw\u00e4hnen ist die Schokolade sowie das Produkt aus Kakaobohnen, da\u00df man hier Schokolade nennt. Neben tausenden von Schokolade-Gesch\u00e4ften\u00a0 gibt es aber auch Unternehmen die Schokolade verkaufen. Kurz um, eine nicht mehr enden wollende Flut von Schokolade. Diejenigen sich nicht im Griff haben, bleibt blo\u00df weg. Ihr werdet es nicht \u00fcberleben. Jeder schreibt nat\u00fcrlich an seine T\u00fcr, das er die Beste hat. Wie bekommt man das nun aber heraus???? Ich verrate euch jetzt wie das geht. Probieren! Bildet euch selbst eure Meinung. Egaaaaal das man hinterher ca. 200kg mehr auf die Waage bringt. Ihr geh\u00f6rt danach, vorausgesetzt man stirbt nicht an einem Schokolade-Infarkt, zu den Wissenden. Und eines noch! Macht nicht den Fehler und nehmt eure Kalorien-Polizei mit! Wenn es zu viel war kommt euch eh J\u00d6\u00d6\u00d6\u00d6\u00d6RG besuchen. Wer in Belgien war und nicht in Br\u00fcgge, der war nicht dort.<\/p>\n\n\n\n<figure class=\"wp-block-gallery columns-3 is-cropped wp-block-gallery-3 is-layout-flex wp-block-gallery-is-layout-flex\"><ul class=\"blocks-gallery-grid\"><li class=\"blocks-gallery-item\"><figure><img loading=\"lazy\" decoding=\"async\" width=\"1024\" height=\"768\" src=\"https:\/\/auers.blog\/wp-content\/uploads\/2020\/07\/IMG_2890-1-1024x768.jpeg\" alt=\"\" data-id=\"1646\" data-full-url=\"https:\/\/auers.blog\/wp-content\/uploads\/2020\/07\/IMG_2890-1-scaled.jpeg\" data-link=\"https:\/\/auers.blog\/index.php\/2020\/07\/11\/die-schtis-und-moewen\/img_2890-1\/\" class=\"wp-image-1646\" srcset=\"https:\/\/auers.blog\/wp-content\/uploads\/2020\/07\/IMG_2890-1-1024x768.jpeg 1024w, https:\/\/auers.blog\/wp-content\/uploads\/2020\/07\/IMG_2890-1-300x225.jpeg 300w, https:\/\/auers.blog\/wp-content\/uploads\/2020\/07\/IMG_2890-1-768x576.jpeg 768w, https:\/\/auers.blog\/wp-content\/uploads\/2020\/07\/IMG_2890-1-1536x1152.jpeg 1536w, https:\/\/auers.blog\/wp-content\/uploads\/2020\/07\/IMG_2890-1-2048x1536.jpeg 2048w\" sizes=\"auto, (max-width: 1024px) 100vw, 1024px\" \/><\/figure><\/li><li class=\"blocks-gallery-item\"><figure><img loading=\"lazy\" decoding=\"async\" width=\"1024\" height=\"768\" src=\"https:\/\/auers.blog\/wp-content\/uploads\/2020\/07\/IMG_1740-1024x768.jpeg\" alt=\"\" data-id=\"1649\" data-full-url=\"https:\/\/auers.blog\/wp-content\/uploads\/2020\/07\/IMG_1740.jpeg\" data-link=\"https:\/\/auers.blog\/index.php\/2020\/07\/11\/die-schtis-und-moewen\/img_1740\/\" class=\"wp-image-1649\" srcset=\"https:\/\/auers.blog\/wp-content\/uploads\/2020\/07\/IMG_1740-1024x768.jpeg 1024w, https:\/\/auers.blog\/wp-content\/uploads\/2020\/07\/IMG_1740-300x225.jpeg 300w, https:\/\/auers.blog\/wp-content\/uploads\/2020\/07\/IMG_1740-768x576.jpeg 768w, https:\/\/auers.blog\/wp-content\/uploads\/2020\/07\/IMG_1740-1536x1152.jpeg 1536w, https:\/\/auers.blog\/wp-content\/uploads\/2020\/07\/IMG_1740.jpeg 1920w\" sizes=\"auto, (max-width: 1024px) 100vw, 1024px\" \/><\/figure><\/li><li class=\"blocks-gallery-item\"><figure><img loading=\"lazy\" decoding=\"async\" width=\"1024\" height=\"559\" src=\"https:\/\/auers.blog\/wp-content\/uploads\/2020\/07\/IMG_1585-1024x559.jpeg\" alt=\"\" data-id=\"1652\" data-full-url=\"https:\/\/auers.blog\/wp-content\/uploads\/2020\/07\/IMG_1585.jpeg\" data-link=\"https:\/\/auers.blog\/index.php\/2020\/07\/11\/die-schtis-und-moewen\/img_1585\/\" class=\"wp-image-1652\" srcset=\"https:\/\/auers.blog\/wp-content\/uploads\/2020\/07\/IMG_1585-1024x559.jpeg 1024w, https:\/\/auers.blog\/wp-content\/uploads\/2020\/07\/IMG_1585-300x164.jpeg 300w, https:\/\/auers.blog\/wp-content\/uploads\/2020\/07\/IMG_1585-768x419.jpeg 768w, https:\/\/auers.blog\/wp-content\/uploads\/2020\/07\/IMG_1585-1536x838.jpeg 1536w, https:\/\/auers.blog\/wp-content\/uploads\/2020\/07\/IMG_1585.jpeg 1920w\" sizes=\"auto, (max-width: 1024px) 100vw, 1024px\" \/><\/figure><\/li><\/ul><\/figure>\n\n\n\n<p>Ein Sakrileg habe wir entdeckt.<\/p>\n\n\n\n<figure class=\"wp-block-image size-large\"><img loading=\"lazy\" decoding=\"async\" width=\"768\" height=\"1024\" src=\"https:\/\/auers.blog\/wp-content\/uploads\/2020\/07\/IMG_1950-768x1024.jpeg\" alt=\"\" class=\"wp-image-1643\" srcset=\"https:\/\/auers.blog\/wp-content\/uploads\/2020\/07\/IMG_1950-768x1024.jpeg 768w, https:\/\/auers.blog\/wp-content\/uploads\/2020\/07\/IMG_1950-225x300.jpeg 225w, https:\/\/auers.blog\/wp-content\/uploads\/2020\/07\/IMG_1950-1152x1536.jpeg 1152w, https:\/\/auers.blog\/wp-content\/uploads\/2020\/07\/IMG_1950-1536x2048.jpeg 1536w, https:\/\/auers.blog\/wp-content\/uploads\/2020\/07\/IMG_1950-scaled.jpeg 1920w\" sizes=\"auto, (max-width: 768px) 100vw, 768px\" \/><figcaption>Wie kann man nur so brutal und herzlos sein?<br>Mit Herzschmerz und Tr\u00e4nen in den Augen legen wir eine Gedenkminute ein.<\/figcaption><\/figure>\n","protected":false},"excerpt":{"rendered":"<p>Auf unserem Trip gen Norden denke ich oft an den Film. Dany Boon, Kad Merad, usw. Pl\u00f6tzlich sagt Petra: \u201eIch glaube ich sehe auf der Landkarte dieses Bergues, in dem der Film gespielt hat. Wir fahren mal hin. Es macht uns riesigen Spa\u00df an dem Ort des Geschehens Fritten zu essen. Das Geklimper vom Turm&hellip;<\/p>\n","protected":false},"author":2,"featured_media":1526,"comment_status":"open","ping_status":"open","sticky":false,"template":"","format":"standard","meta":{"two_page_speed":[],"footnotes":""},"categories":[1],"tags":[],"class_list":["post-1525","post","type-post","status-publish","format-standard","has-post-thumbnail","hentry","category-reise"],"_links":{"self":[{"href":"https:\/\/auers.blog\/de\/wp-json\/wp\/v2\/posts\/1525","targetHints":{"allow":["GET"]}}],"collection":[{"href":"https:\/\/auers.blog\/de\/wp-json\/wp\/v2\/posts"}],"about":[{"href":"https:\/\/auers.blog\/de\/wp-json\/wp\/v2\/types\/post"}],"author":[{"embeddable":true,"href":"https:\/\/auers.blog\/de\/wp-json\/wp\/v2\/users\/2"}],"replies":[{"embeddable":true,"href":"https:\/\/auers.blog\/de\/wp-json\/wp\/v2\/comments?post=1525"}],"version-history":[{"count":0,"href":"https:\/\/auers.blog\/de\/wp-json\/wp\/v2\/posts\/1525\/revisions"}],"wp:featuredmedia":[{"embeddable":true,"href":"https:\/\/auers.blog\/de\/wp-json\/wp\/v2\/media\/1526"}],"wp:attachment":[{"href":"https:\/\/auers.blog\/de\/wp-json\/wp\/v2\/media?parent=1525"}],"wp:term":[{"taxonomy":"category","embeddable":true,"href":"https:\/\/auers.blog\/de\/wp-json\/wp\/v2\/categories?post=1525"},{"taxonomy":"post_tag","embeddable":true,"href":"https:\/\/auers.blog\/de\/wp-json\/wp\/v2\/tags?post=1525"}],"curies":[{"name":"wp","href":"https:\/\/api.w.org\/{rel}","templated":true}]}}